{"id":9233,"date":"2020-06-15T08:47:02","date_gmt":"2020-06-15T12:47:02","guid":{"rendered":"https:\/\/www.rqei.ca\/2020\/06\/15\/webinar-lighter-than-air-aviation-systems-a-pathway-to-decarbonise-aviation-contributing-to-the-european-green-deal\/"},"modified":"2025-11-10T15:06:43","modified_gmt":"2025-11-10T20:06:43","slug":"webinar-lighter-than-air-aviation-systems-a-pathway-to-decarbonise-aviation-contributing-to-the-european-green-deal","status":"publish","type":"post","link":"https:\/\/www.rqei.ca\/en\/2020\/06\/15\/webinar-lighter-than-air-aviation-systems-a-pathway-to-decarbonise-aviation-contributing-to-the-european-green-deal\/","title":{"rendered":"Webinar: &#8220;Lighter-Than-Air aviation systems: a pathway to decarbonise aviation contributing to the European Green Deal&#8221;"},"content":{"rendered":"\n<p>\n<\/p>\n&#13;\n<p>\u00a0<\/p>&#13;\n<p><a href=\"https:\/\/www.rqei.ca\/2020\/06\/15\/webinaire-lighter-than-air-aviation-systems-a-pathway-to-decarbonise-aviation-contributing-to-the-european-green-deal\/image_16juin2020\/\" rel=\"attachment wp-att-6915\"><img loading=\"lazy\" decoding=\"async\" class=\"alignnone size-full wp-image-6915\" src=\"https:\/\/www.rqei.ca\/wp-content\/uploads\/2020\/06\/Image_16juin2020.png\" alt=\"\" width=\"949\" height=\"539\" srcset=\"https:\/\/www.rqei.ca\/wp-content\/uploads\/2020\/06\/Image_16juin2020.png 949w, https:\/\/www.rqei.ca\/wp-content\/uploads\/2020\/06\/Image_16juin2020-300x170.png 300w, https:\/\/www.rqei.ca\/wp-content\/uploads\/2020\/06\/Image_16juin2020-768x436.png 768w\" sizes=\"auto, (max-width: 949px) 100vw, 949px\" \/><\/a><\/p>&#13;\n<p>\u00a0<\/p>&#13;\n<p>As part of the European Sustainable Energy Week, the Consortium for Research and Innovation in Aerospace in Quebec (CRIAQ), the Quebec Ministry of Economy and Innovation (MEI) and the Quebec Government Office in Brussels (DGQB) will participate on June 16 in the webinar &#8220;Lighter-Than-Air aviation systems: a pathway to decarbonise aviation contributing to the European Green Deal&#8221;. <br\/><br\/>The program is available at this link: <a href=\"https:\/\/drive.google.com\/file\/d\/1ht_k0MuGWGbEA4fC2W-h2227WSJiZFAb\/view\">https:\/\/drive.google.com\/file\/d\/1ht_k0MuGWGbEA4fC2W-h2227WSJiZFAb\/view<\/a><br\/><br\/>To register: <a href=\"https:\/\/us02web.zoom.us\/webinar\/register\/WN_3FcuUqGmScOrMISFviauYA\">https:\/\/us02web.zoom.us\/webinar\/register\/WN_3FcuUqGmScOrMISFviauYA<\/a><\/p>&#13;\n<p>\n<\/p><p\/>\n","protected":false},"excerpt":{"rendered":"<p>&#13; \u00a0 &#13; &#13; \u00a0 &#13; As part of the European Sustainable Energy Week, the Consortium for Research and Innovation in Aerospace in Quebec (CRIAQ), the Quebec Ministry of Economy and Innovation (MEI) and the Quebec Government Office in Brussels (DGQB) will participate on June 16 in the webinar &#8220;Lighter-Than-Air aviation systems: a pathway to<\/p>\n","protected":false},"author":10,"featured_media":0,"comment_status":"closed","ping_status":"open","sticky":false,"template":"","format":"standard","meta":{"_monsterinsights_skip_tracking":false,"_monsterinsights_sitenote_active":false,"_monsterinsights_sitenote_note":"","_monsterinsights_sitenote_category":0,"_themeisle_gutenberg_block_has_review":false,"footnotes":""},"categories":[199],"tags":[],"class_list":["post-9233","post","type-post","status-publish","format-standard","hentry","category-webinar"],"yoast_head":"<!-- This site is optimized with the Yoast SEO plugin v24.5 - https:\/\/yoast.com\/wordpress\/plugins\/seo\/ -->\n<title>RQEI Quebec Smart Energy Network<\/title>\n<meta name=\"description\" content=\"RQEI Quebec Smart Energy Network\" \/>\n<meta name=\"robots\" content=\"index, follow, max-snippet:-1, max-image-preview:large, max-video-preview:-1\" \/>\n<link rel=\"canonical\" href=\"https:\/\/www.rqei.ca\/en\/2020\/06\/15\/webinar-lighter-than-air-aviation-systems-a-pathway-to-decarbonise-aviation-contributing-to-the-european-green-deal\/\" \/>\n<meta property=\"og:locale\" content=\"en_US\" \/>\n<meta property=\"og:type\" content=\"article\" \/>\n<meta property=\"og:title\" content=\"RQEI Quebec Smart Energy Network\" \/>\n<meta property=\"og:description\" content=\"RQEI Quebec Smart Energy Network\" \/>\n<meta property=\"og:url\" content=\"https:\/\/www.rqei.ca\/en\/2020\/06\/15\/webinar-lighter-than-air-aviation-systems-a-pathway-to-decarbonise-aviation-contributing-to-the-european-green-deal\/\" \/>\n<meta property=\"og:site_name\" content=\"RQEI\" \/>\n<meta property=\"article:published_time\" content=\"2020-06-15T12:47:02+00:00\" \/>\n<meta property=\"article:modified_time\" content=\"2025-11-10T20:06:43+00:00\" \/>\n<meta property=\"og:image\" content=\"https:\/\/www.rqei.ca\/wp-content\/uploads\/2020\/06\/Image_16juin2020.png\" \/>\n\t<meta property=\"og:image:width\" content=\"949\" \/>\n\t<meta property=\"og:image:height\" content=\"539\" \/>\n\t<meta property=\"og:image:type\" content=\"image\/png\" \/>\n<meta name=\"author\" content=\"Rapha\u00ebl Gervais-Lavoie\" \/>\n<meta name=\"twitter:card\" content=\"summary_large_image\" \/>\n<meta name=\"twitter:label1\" content=\"Written by\" \/>\n\t<meta name=\"twitter:data1\" content=\"Rapha\u00ebl Gervais-Lavoie\" \/>\n<script type=\"application\/ld+json\" class=\"yoast-schema-graph\">{\"@context\":\"https:\/\/schema.org\",\"@graph\":[{\"@type\":\"Article\",\"@id\":\"https:\/\/www.rqei.ca\/en\/2020\/06\/15\/webinar-lighter-than-air-aviation-systems-a-pathway-to-decarbonise-aviation-contributing-to-the-european-green-deal\/#article\",\"isPartOf\":{\"@id\":\"https:\/\/www.rqei.ca\/en\/2020\/06\/15\/webinar-lighter-than-air-aviation-systems-a-pathway-to-decarbonise-aviation-contributing-to-the-european-green-deal\/\"},\"author\":{\"name\":\"Rapha\u00ebl Gervais-Lavoie\",\"@id\":\"https:\/\/www.rqei.ca\/en\/#\/schema\/person\/abfacdc1d980838058db3e3b790e32f9\"},\"headline\":\"Webinar: &#8220;Lighter-Than-Air aviation systems: a pathway to decarbonise aviation contributing to the European Green Deal&#8221;\",\"datePublished\":\"2020-06-15T12:47:02+00:00\",\"dateModified\":\"2025-11-10T20:06:43+00:00\",\"mainEntityOfPage\":{\"@id\":\"https:\/\/www.rqei.ca\/en\/2020\/06\/15\/webinar-lighter-than-air-aviation-systems-a-pathway-to-decarbonise-aviation-contributing-to-the-european-green-deal\/\"},\"wordCount\":102,\"publisher\":{\"@id\":\"https:\/\/www.rqei.ca\/en\/#organization\"},\"image\":{\"@id\":\"https:\/\/www.rqei.ca\/en\/2020\/06\/15\/webinar-lighter-than-air-aviation-systems-a-pathway-to-decarbonise-aviation-contributing-to-the-european-green-deal\/#primaryimage\"},\"thumbnailUrl\":\"https:\/\/www.rqei.ca\/wp-content\/uploads\/2020\/06\/Image_16juin2020.png\",\"articleSection\":[\"Webinar\"],\"inLanguage\":\"en-US\"},{\"@type\":\"WebPage\",\"@id\":\"https:\/\/www.rqei.ca\/en\/2020\/06\/15\/webinar-lighter-than-air-aviation-systems-a-pathway-to-decarbonise-aviation-contributing-to-the-european-green-deal\/\",\"url\":\"https:\/\/www.rqei.ca\/en\/2020\/06\/15\/webinar-lighter-than-air-aviation-systems-a-pathway-to-decarbonise-aviation-contributing-to-the-european-green-deal\/\",\"name\":\"RQEI Quebec Smart Energy Network\",\"isPartOf\":{\"@id\":\"https:\/\/www.rqei.ca\/en\/#website\"},\"primaryImageOfPage\":{\"@id\":\"https:\/\/www.rqei.ca\/en\/2020\/06\/15\/webinar-lighter-than-air-aviation-systems-a-pathway-to-decarbonise-aviation-contributing-to-the-european-green-deal\/#primaryimage\"},\"image\":{\"@id\":\"https:\/\/www.rqei.ca\/en\/2020\/06\/15\/webinar-lighter-than-air-aviation-systems-a-pathway-to-decarbonise-aviation-contributing-to-the-european-green-deal\/#primaryimage\"},\"thumbnailUrl\":\"https:\/\/www.rqei.ca\/wp-content\/uploads\/2020\/06\/Image_16juin2020.png\",\"datePublished\":\"2020-06-15T12:47:02+00:00\",\"dateModified\":\"2025-11-10T20:06:43+00:00\",\"description\":\"RQEI Quebec Smart Energy Network\",\"breadcrumb\":{\"@id\":\"https:\/\/www.rqei.ca\/en\/2020\/06\/15\/webinar-lighter-than-air-aviation-systems-a-pathway-to-decarbonise-aviation-contributing-to-the-european-green-deal\/#breadcrumb\"},\"inLanguage\":\"en-US\",\"potentialAction\":[{\"@type\":\"ReadAction\",\"target\":[\"https:\/\/www.rqei.ca\/en\/2020\/06\/15\/webinar-lighter-than-air-aviation-systems-a-pathway-to-decarbonise-aviation-contributing-to-the-european-green-deal\/\"]}]},{\"@type\":\"ImageObject\",\"inLanguage\":\"en-US\",\"@id\":\"https:\/\/www.rqei.ca\/en\/2020\/06\/15\/webinar-lighter-than-air-aviation-systems-a-pathway-to-decarbonise-aviation-contributing-to-the-european-green-deal\/#primaryimage\",\"url\":\"https:\/\/www.rqei.ca\/wp-content\/uploads\/2020\/06\/Image_16juin2020.png\",\"contentUrl\":\"https:\/\/www.rqei.ca\/wp-content\/uploads\/2020\/06\/Image_16juin2020.png\"},{\"@type\":\"BreadcrumbList\",\"@id\":\"https:\/\/www.rqei.ca\/en\/2020\/06\/15\/webinar-lighter-than-air-aviation-systems-a-pathway-to-decarbonise-aviation-contributing-to-the-european-green-deal\/#breadcrumb\",\"itemListElement\":[{\"@type\":\"ListItem\",\"position\":1,\"name\":\"Accueil\",\"item\":\"https:\/\/www.rqei.ca\/en\/\"},{\"@type\":\"ListItem\",\"position\":2,\"name\":\"Webinar: \u00ab\u00a0Lighter-Than-Air aviation systems: a pathway to decarbonise aviation contributing to the European Green Deal\u00a0\u00bb\"}]},{\"@type\":\"WebSite\",\"@id\":\"https:\/\/www.rqei.ca\/en\/#website\",\"url\":\"https:\/\/www.rqei.ca\/en\/\",\"name\":\"RQEI\",\"description\":\"R\u00e9seau qu\u00e9b\u00e9cois sur l&#039;\u00e9nergie intelligente\",\"publisher\":{\"@id\":\"https:\/\/www.rqei.ca\/en\/#organization\"},\"potentialAction\":[{\"@type\":\"SearchAction\",\"target\":{\"@type\":\"EntryPoint\",\"urlTemplate\":\"https:\/\/www.rqei.ca\/en\/?s={search_term_string}\"},\"query-input\":{\"@type\":\"PropertyValueSpecification\",\"valueRequired\":true,\"valueName\":\"search_term_string\"}}],\"inLanguage\":\"en-US\"},{\"@type\":\"Organization\",\"@id\":\"https:\/\/www.rqei.ca\/en\/#organization\",\"name\":\"R\u00e9seau qu\u00e9b\u00e9cois sur l'\u00e9nergie intelligente\",\"url\":\"https:\/\/www.rqei.ca\/en\/\",\"logo\":{\"@type\":\"ImageObject\",\"inLanguage\":\"en-US\",\"@id\":\"https:\/\/www.rqei.ca\/en\/#\/schema\/logo\/image\/\",\"url\":\"https:\/\/www.rqei.ca\/wp-content\/uploads\/2019\/03\/frqnt_logo2.png\",\"contentUrl\":\"https:\/\/www.rqei.ca\/wp-content\/uploads\/2019\/03\/frqnt_logo2.png\",\"width\":958,\"height\":824,\"caption\":\"R\u00e9seau qu\u00e9b\u00e9cois sur l'\u00e9nergie intelligente\"},\"image\":{\"@id\":\"https:\/\/www.rqei.ca\/en\/#\/schema\/logo\/image\/\"}},{\"@type\":\"Person\",\"@id\":\"https:\/\/www.rqei.ca\/en\/#\/schema\/person\/abfacdc1d980838058db3e3b790e32f9\",\"name\":\"Rapha\u00ebl Gervais-Lavoie\",\"image\":{\"@type\":\"ImageObject\",\"inLanguage\":\"en-US\",\"@id\":\"https:\/\/www.rqei.ca\/en\/#\/schema\/person\/image\/\",\"url\":\"https:\/\/secure.gravatar.com\/avatar\/5613016d20c2e667dd696711db234072e3c7aeb8064226ba21efbf34ceedcfc6?s=96&d=mm&r=g\",\"contentUrl\":\"https:\/\/secure.gravatar.com\/avatar\/5613016d20c2e667dd696711db234072e3c7aeb8064226ba21efbf34ceedcfc6?s=96&d=mm&r=g\",\"caption\":\"Rapha\u00ebl Gervais-Lavoie\"},\"url\":\"https:\/\/www.rqei.ca\/en\/author\/raphael\/\"}]}<\/script>\n<!-- \/ Yoast SEO plugin. -->","yoast_head_json":{"title":"RQEI Quebec Smart Energy Network","description":"RQEI Quebec Smart Energy Network","robots":{"index":"index","follow":"follow","max-snippet":"max-snippet:-1","max-image-preview":"max-image-preview:large","max-video-preview":"max-video-preview:-1"},"canonical":"https:\/\/www.rqei.ca\/en\/2020\/06\/15\/webinar-lighter-than-air-aviation-systems-a-pathway-to-decarbonise-aviation-contributing-to-the-european-green-deal\/","og_locale":"en_US","og_type":"article","og_title":"RQEI Quebec Smart Energy Network","og_description":"RQEI Quebec Smart Energy Network","og_url":"https:\/\/www.rqei.ca\/en\/2020\/06\/15\/webinar-lighter-than-air-aviation-systems-a-pathway-to-decarbonise-aviation-contributing-to-the-european-green-deal\/","og_site_name":"RQEI","article_published_time":"2020-06-15T12:47:02+00:00","article_modified_time":"2025-11-10T20:06:43+00:00","og_image":[{"width":949,"height":539,"url":"https:\/\/www.rqei.ca\/wp-content\/uploads\/2020\/06\/Image_16juin2020.png","type":"image\/png"}],"author":"Rapha\u00ebl Gervais-Lavoie","twitter_card":"summary_large_image","twitter_misc":{"Written by":"Rapha\u00ebl Gervais-Lavoie"},"schema":{"@context":"https:\/\/schema.org","@graph":[{"@type":"Article","@id":"https:\/\/www.rqei.ca\/en\/2020\/06\/15\/webinar-lighter-than-air-aviation-systems-a-pathway-to-decarbonise-aviation-contributing-to-the-european-green-deal\/#article","isPartOf":{"@id":"https:\/\/www.rqei.ca\/en\/2020\/06\/15\/webinar-lighter-than-air-aviation-systems-a-pathway-to-decarbonise-aviation-contributing-to-the-european-green-deal\/"},"author":{"name":"Rapha\u00ebl Gervais-Lavoie","@id":"https:\/\/www.rqei.ca\/en\/#\/schema\/person\/abfacdc1d980838058db3e3b790e32f9"},"headline":"Webinar: &#8220;Lighter-Than-Air aviation systems: a pathway to decarbonise aviation contributing to the European Green Deal&#8221;","datePublished":"2020-06-15T12:47:02+00:00","dateModified":"2025-11-10T20:06:43+00:00","mainEntityOfPage":{"@id":"https:\/\/www.rqei.ca\/en\/2020\/06\/15\/webinar-lighter-than-air-aviation-systems-a-pathway-to-decarbonise-aviation-contributing-to-the-european-green-deal\/"},"wordCount":102,"publisher":{"@id":"https:\/\/www.rqei.ca\/en\/#organization"},"image":{"@id":"https:\/\/www.rqei.ca\/en\/2020\/06\/15\/webinar-lighter-than-air-aviation-systems-a-pathway-to-decarbonise-aviation-contributing-to-the-european-green-deal\/#primaryimage"},"thumbnailUrl":"https:\/\/www.rqei.ca\/wp-content\/uploads\/2020\/06\/Image_16juin2020.png","articleSection":["Webinar"],"inLanguage":"en-US"},{"@type":"WebPage","@id":"https:\/\/www.rqei.ca\/en\/2020\/06\/15\/webinar-lighter-than-air-aviation-systems-a-pathway-to-decarbonise-aviation-contributing-to-the-european-green-deal\/","url":"https:\/\/www.rqei.ca\/en\/2020\/06\/15\/webinar-lighter-than-air-aviation-systems-a-pathway-to-decarbonise-aviation-contributing-to-the-european-green-deal\/","name":"RQEI Quebec Smart Energy Network","isPartOf":{"@id":"https:\/\/www.rqei.ca\/en\/#website"},"primaryImageOfPage":{"@id":"https:\/\/www.rqei.ca\/en\/2020\/06\/15\/webinar-lighter-than-air-aviation-systems-a-pathway-to-decarbonise-aviation-contributing-to-the-european-green-deal\/#primaryimage"},"image":{"@id":"https:\/\/www.rqei.ca\/en\/2020\/06\/15\/webinar-lighter-than-air-aviation-systems-a-pathway-to-decarbonise-aviation-contributing-to-the-european-green-deal\/#primaryimage"},"thumbnailUrl":"https:\/\/www.rqei.ca\/wp-content\/uploads\/2020\/06\/Image_16juin2020.png","datePublished":"2020-06-15T12:47:02+00:00","dateModified":"2025-11-10T20:06:43+00:00","description":"RQEI Quebec Smart Energy Network","breadcrumb":{"@id":"https:\/\/www.rqei.ca\/en\/2020\/06\/15\/webinar-lighter-than-air-aviation-systems-a-pathway-to-decarbonise-aviation-contributing-to-the-european-green-deal\/#breadcrumb"},"inLanguage":"en-US","potentialAction":[{"@type":"ReadAction","target":["https:\/\/www.rqei.ca\/en\/2020\/06\/15\/webinar-lighter-than-air-aviation-systems-a-pathway-to-decarbonise-aviation-contributing-to-the-european-green-deal\/"]}]},{"@type":"ImageObject","inLanguage":"en-US","@id":"https:\/\/www.rqei.ca\/en\/2020\/06\/15\/webinar-lighter-than-air-aviation-systems-a-pathway-to-decarbonise-aviation-contributing-to-the-european-green-deal\/#primaryimage","url":"https:\/\/www.rqei.ca\/wp-content\/uploads\/2020\/06\/Image_16juin2020.png","contentUrl":"https:\/\/www.rqei.ca\/wp-content\/uploads\/2020\/06\/Image_16juin2020.png"},{"@type":"BreadcrumbList","@id":"https:\/\/www.rqei.ca\/en\/2020\/06\/15\/webinar-lighter-than-air-aviation-systems-a-pathway-to-decarbonise-aviation-contributing-to-the-european-green-deal\/#breadcrumb","itemListElement":[{"@type":"ListItem","position":1,"name":"Accueil","item":"https:\/\/www.rqei.ca\/en\/"},{"@type":"ListItem","position":2,"name":"Webinar: \u00ab\u00a0Lighter-Than-Air aviation systems: a pathway to decarbonise aviation contributing to the European Green Deal\u00a0\u00bb"}]},{"@type":"WebSite","@id":"https:\/\/www.rqei.ca\/en\/#website","url":"https:\/\/www.rqei.ca\/en\/","name":"RQEI","description":"R\u00e9seau qu\u00e9b\u00e9cois sur l&#039;\u00e9nergie intelligente","publisher":{"@id":"https:\/\/www.rqei.ca\/en\/#organization"},"potentialAction":[{"@type":"SearchAction","target":{"@type":"EntryPoint","urlTemplate":"https:\/\/www.rqei.ca\/en\/?s={search_term_string}"},"query-input":{"@type":"PropertyValueSpecification","valueRequired":true,"valueName":"search_term_string"}}],"inLanguage":"en-US"},{"@type":"Organization","@id":"https:\/\/www.rqei.ca\/en\/#organization","name":"R\u00e9seau qu\u00e9b\u00e9cois sur l'\u00e9nergie intelligente","url":"https:\/\/www.rqei.ca\/en\/","logo":{"@type":"ImageObject","inLanguage":"en-US","@id":"https:\/\/www.rqei.ca\/en\/#\/schema\/logo\/image\/","url":"https:\/\/www.rqei.ca\/wp-content\/uploads\/2019\/03\/frqnt_logo2.png","contentUrl":"https:\/\/www.rqei.ca\/wp-content\/uploads\/2019\/03\/frqnt_logo2.png","width":958,"height":824,"caption":"R\u00e9seau qu\u00e9b\u00e9cois sur l'\u00e9nergie intelligente"},"image":{"@id":"https:\/\/www.rqei.ca\/en\/#\/schema\/logo\/image\/"}},{"@type":"Person","@id":"https:\/\/www.rqei.ca\/en\/#\/schema\/person\/abfacdc1d980838058db3e3b790e32f9","name":"Rapha\u00ebl Gervais-Lavoie","image":{"@type":"ImageObject","inLanguage":"en-US","@id":"https:\/\/www.rqei.ca\/en\/#\/schema\/person\/image\/","url":"https:\/\/secure.gravatar.com\/avatar\/5613016d20c2e667dd696711db234072e3c7aeb8064226ba21efbf34ceedcfc6?s=96&d=mm&r=g","contentUrl":"https:\/\/secure.gravatar.com\/avatar\/5613016d20c2e667dd696711db234072e3c7aeb8064226ba21efbf34ceedcfc6?s=96&d=mm&r=g","caption":"Rapha\u00ebl Gervais-Lavoie"},"url":"https:\/\/www.rqei.ca\/en\/author\/raphael\/"}]}},"_links":{"self":[{"href":"https:\/\/www.rqei.ca\/en\/wp-json\/wp\/v2\/posts\/9233","targetHints":{"allow":["GET"]}}],"collection":[{"href":"https:\/\/www.rqei.ca\/en\/wp-json\/wp\/v2\/posts"}],"about":[{"href":"https:\/\/www.rqei.ca\/en\/wp-json\/wp\/v2\/types\/post"}],"author":[{"embeddable":true,"href":"https:\/\/www.rqei.ca\/en\/wp-json\/wp\/v2\/users\/10"}],"replies":[{"embeddable":true,"href":"https:\/\/www.rqei.ca\/en\/wp-json\/wp\/v2\/comments?post=9233"}],"version-history":[{"count":0,"href":"https:\/\/www.rqei.ca\/en\/wp-json\/wp\/v2\/posts\/9233\/revisions"}],"wp:attachment":[{"href":"https:\/\/www.rqei.ca\/en\/wp-json\/wp\/v2\/media?parent=9233"}],"wp:term":[{"taxonomy":"category","embeddable":true,"href":"https:\/\/www.rqei.ca\/en\/wp-json\/wp\/v2\/categories?post=9233"},{"taxonomy":"post_tag","embeddable":true,"href":"https:\/\/www.rqei.ca\/en\/wp-json\/wp\/v2\/tags?post=9233"}],"curies":[{"name":"wp","href":"https:\/\/api.w.org\/{rel}","templated":true}]}}