{"id":9255,"date":"2020-07-17T10:28:52","date_gmt":"2020-07-17T14:28:52","guid":{"rendered":"https:\/\/www.rqei.ca\/2020\/07\/17\/the-technical-and-economic-potential-of-the-development-of-the-hydrogen-sector-in-quebec\/"},"modified":"2025-11-10T15:06:47","modified_gmt":"2025-11-10T20:06:47","slug":"the-technical-and-economic-potential-of-the-development-of-the-hydrogen-sector-in-quebec","status":"publish","type":"post","link":"https:\/\/www.rqei.ca\/en\/2020\/07\/17\/the-technical-and-economic-potential-of-the-development-of-the-hydrogen-sector-in-quebec\/","title":{"rendered":"The technical and economic potential of the development of the hydrogen sector in Qu\u00e9bec"},"content":{"rendered":"&#13;\n<p>On July 14, 2020, the main results of a study on the technical and economic potential of the development of the hydrogen sector in Qu\u00e9bec were presented by Transition \u00e9nerg\u00e9tique Qu\u00e9bec and its partners. This study was conducted by TEQ and the Ministry of Energy and Natural Resources (MERN). <\/p>&#13;\n<p><\/p>&#13;\n<p>\u00a0<\/p>&#13;\n<p><\/p>&#13;\n<figure class=\"wp-block-embed-youtube wp-block-embed is-type-video is-provider-youtube wp-embed-aspect-16-9 wp-has-aspect-ratio\">&#13;\n<div class=\"wp-block-embed__wrapper\">https:\/\/youtu.be\/dnBMCdejSjs<\/div>&#13;\n<figcaption><strong>To listen to this webinar again:<\/strong><\/figcaption>&#13;\n<\/figure>&#13;\n<p><\/p>&#13;\n<p>\u00a0<\/p>&#13;\n<p><\/p><\/p>\n<h2>Speakers<\/h2>\n<p>Richard Gagnon, Energy Strategy Coordinator, Energy Transition Qu\u00e9bec<\/p>\n<p>Philippe Tanguy, Director General, Polytechnique Montr\u00e9al<\/p>\n<p>Jonathan Barbeau-Baril, Research Associate, International Reference Centre for the Life Cycle of Products, Processes and Services (CIRAIG)<\/p>\n<p>&nbsp;<\/p>\n<p>To view all documents: <a href=\"https:\/\/transitionenergetique.gouv.qc.ca\/nouvelles\/actualites\/detail\/webinaire-potentiel-hydrogene-decarbone\">https:\/\/transitionenergetique.gouv.qc.ca\/nouvelles\/actualites\/detail\/webinaire-potentiel-hydrogene-decarbone<\/a><\/p>\n<p>&nbsp;<\/p>\n<p>&nbsp;<\/p>\n","protected":false},"excerpt":{"rendered":"<p>On July 14, 2020, the main results of a study on the technical and economic potential of the development of the hydrogen sector in Qu\u00e9bec were presented by Transition \u00e9nerg\u00e9tique Qu\u00e9bec and its partners. This study was conducted by TEQ and the Ministry of Energy and Natural Resources (MERN). <\/p>\n","protected":false},"author":10,"featured_media":0,"comment_status":"closed","ping_status":"open","sticky":false,"template":"","format":"standard","meta":{"_monsterinsights_skip_tracking":false,"_monsterinsights_sitenote_active":false,"_monsterinsights_sitenote_note":"","_monsterinsights_sitenote_category":0,"_themeisle_gutenberg_block_has_review":false,"footnotes":""},"categories":[194],"tags":[],"class_list":["post-9255","post","type-post","status-publish","format-standard","hentry","category-information"],"yoast_head":"<!-- This site is optimized with the Yoast SEO plugin v24.5 - https:\/\/yoast.com\/wordpress\/plugins\/seo\/ -->\n<title>The technical and economic potential of the development of the hydrogen sector in Qu\u00e9bec - RQEI<\/title>\n<meta name=\"robots\" content=\"index, follow, max-snippet:-1, max-image-preview:large, max-video-preview:-1\" \/>\n<link rel=\"canonical\" href=\"https:\/\/www.rqei.ca\/en\/2020\/07\/17\/the-technical-and-economic-potential-of-the-development-of-the-hydrogen-sector-in-quebec\/\" \/>\n<meta property=\"og:locale\" content=\"en_US\" \/>\n<meta property=\"og:type\" content=\"article\" \/>\n<meta property=\"og:title\" content=\"The technical and economic potential of the development of the hydrogen sector in Qu\u00e9bec - RQEI\" \/>\n<meta property=\"og:description\" content=\"On July 14, 2020, the main results of a study on the technical and economic potential of the development of the hydrogen sector in Qu\u00e9bec were presented by Transition \u00e9nerg\u00e9tique Qu\u00e9bec and its partners. This study was conducted by TEQ and the Ministry of Energy and Natural Resources (MERN).\" \/>\n<meta property=\"og:url\" content=\"https:\/\/www.rqei.ca\/en\/2020\/07\/17\/the-technical-and-economic-potential-of-the-development-of-the-hydrogen-sector-in-quebec\/\" \/>\n<meta property=\"og:site_name\" content=\"RQEI\" \/>\n<meta property=\"article:published_time\" content=\"2020-07-17T14:28:52+00:00\" \/>\n<meta property=\"article:modified_time\" content=\"2025-11-10T20:06:47+00:00\" \/>\n<meta name=\"author\" content=\"Rapha\u00ebl Gervais-Lavoie\" \/>\n<meta name=\"twitter:card\" content=\"summary_large_image\" \/>\n<meta name=\"twitter:label1\" content=\"Written by\" \/>\n\t<meta name=\"twitter:data1\" content=\"Rapha\u00ebl Gervais-Lavoie\" \/>\n\t<meta name=\"twitter:label2\" content=\"Est. reading time\" \/>\n\t<meta name=\"twitter:data2\" content=\"1 minute\" \/>\n<script type=\"application\/ld+json\" class=\"yoast-schema-graph\">{\"@context\":\"https:\/\/schema.org\",\"@graph\":[{\"@type\":\"Article\",\"@id\":\"https:\/\/www.rqei.ca\/en\/2020\/07\/17\/the-technical-and-economic-potential-of-the-development-of-the-hydrogen-sector-in-quebec\/#article\",\"isPartOf\":{\"@id\":\"https:\/\/www.rqei.ca\/en\/2020\/07\/17\/the-technical-and-economic-potential-of-the-development-of-the-hydrogen-sector-in-quebec\/\"},\"author\":{\"name\":\"Rapha\u00ebl Gervais-Lavoie\",\"@id\":\"https:\/\/www.rqei.ca\/en\/#\/schema\/person\/abfacdc1d980838058db3e3b790e32f9\"},\"headline\":\"The technical and economic potential of the development of the hydrogen sector in Qu\u00e9bec\",\"datePublished\":\"2020-07-17T14:28:52+00:00\",\"dateModified\":\"2025-11-10T20:06:47+00:00\",\"mainEntityOfPage\":{\"@id\":\"https:\/\/www.rqei.ca\/en\/2020\/07\/17\/the-technical-and-economic-potential-of-the-development-of-the-hydrogen-sector-in-quebec\/\"},\"wordCount\":125,\"publisher\":{\"@id\":\"https:\/\/www.rqei.ca\/en\/#organization\"},\"articleSection\":[\"Information\"],\"inLanguage\":\"en-US\"},{\"@type\":\"WebPage\",\"@id\":\"https:\/\/www.rqei.ca\/en\/2020\/07\/17\/the-technical-and-economic-potential-of-the-development-of-the-hydrogen-sector-in-quebec\/\",\"url\":\"https:\/\/www.rqei.ca\/en\/2020\/07\/17\/the-technical-and-economic-potential-of-the-development-of-the-hydrogen-sector-in-quebec\/\",\"name\":\"The technical and economic potential of the development of the hydrogen sector in Qu\u00e9bec - RQEI\",\"isPartOf\":{\"@id\":\"https:\/\/www.rqei.ca\/en\/#website\"},\"datePublished\":\"2020-07-17T14:28:52+00:00\",\"dateModified\":\"2025-11-10T20:06:47+00:00\",\"breadcrumb\":{\"@id\":\"https:\/\/www.rqei.ca\/en\/2020\/07\/17\/the-technical-and-economic-potential-of-the-development-of-the-hydrogen-sector-in-quebec\/#breadcrumb\"},\"inLanguage\":\"en-US\",\"potentialAction\":[{\"@type\":\"ReadAction\",\"target\":[\"https:\/\/www.rqei.ca\/en\/2020\/07\/17\/the-technical-and-economic-potential-of-the-development-of-the-hydrogen-sector-in-quebec\/\"]}]},{\"@type\":\"BreadcrumbList\",\"@id\":\"https:\/\/www.rqei.ca\/en\/2020\/07\/17\/the-technical-and-economic-potential-of-the-development-of-the-hydrogen-sector-in-quebec\/#breadcrumb\",\"itemListElement\":[{\"@type\":\"ListItem\",\"position\":1,\"name\":\"Accueil\",\"item\":\"https:\/\/www.rqei.ca\/en\/\"},{\"@type\":\"ListItem\",\"position\":2,\"name\":\"The technical and economic potential of the development of the hydrogen sector in Qu\u00e9bec\"}]},{\"@type\":\"WebSite\",\"@id\":\"https:\/\/www.rqei.ca\/en\/#website\",\"url\":\"https:\/\/www.rqei.ca\/en\/\",\"name\":\"RQEI\",\"description\":\"R\u00e9seau qu\u00e9b\u00e9cois sur l&#039;\u00e9nergie intelligente\",\"publisher\":{\"@id\":\"https:\/\/www.rqei.ca\/en\/#organization\"},\"potentialAction\":[{\"@type\":\"SearchAction\",\"target\":{\"@type\":\"EntryPoint\",\"urlTemplate\":\"https:\/\/www.rqei.ca\/en\/?s={search_term_string}\"},\"query-input\":{\"@type\":\"PropertyValueSpecification\",\"valueRequired\":true,\"valueName\":\"search_term_string\"}}],\"inLanguage\":\"en-US\"},{\"@type\":\"Organization\",\"@id\":\"https:\/\/www.rqei.ca\/en\/#organization\",\"name\":\"R\u00e9seau qu\u00e9b\u00e9cois sur l'\u00e9nergie intelligente\",\"url\":\"https:\/\/www.rqei.ca\/en\/\",\"logo\":{\"@type\":\"ImageObject\",\"inLanguage\":\"en-US\",\"@id\":\"https:\/\/www.rqei.ca\/en\/#\/schema\/logo\/image\/\",\"url\":\"https:\/\/www.rqei.ca\/wp-content\/uploads\/2019\/03\/frqnt_logo2.png\",\"contentUrl\":\"https:\/\/www.rqei.ca\/wp-content\/uploads\/2019\/03\/frqnt_logo2.png\",\"width\":958,\"height\":824,\"caption\":\"R\u00e9seau qu\u00e9b\u00e9cois sur l'\u00e9nergie intelligente\"},\"image\":{\"@id\":\"https:\/\/www.rqei.ca\/en\/#\/schema\/logo\/image\/\"}},{\"@type\":\"Person\",\"@id\":\"https:\/\/www.rqei.ca\/en\/#\/schema\/person\/abfacdc1d980838058db3e3b790e32f9\",\"name\":\"Rapha\u00ebl Gervais-Lavoie\",\"image\":{\"@type\":\"ImageObject\",\"inLanguage\":\"en-US\",\"@id\":\"https:\/\/www.rqei.ca\/en\/#\/schema\/person\/image\/\",\"url\":\"https:\/\/secure.gravatar.com\/avatar\/5613016d20c2e667dd696711db234072e3c7aeb8064226ba21efbf34ceedcfc6?s=96&d=mm&r=g\",\"contentUrl\":\"https:\/\/secure.gravatar.com\/avatar\/5613016d20c2e667dd696711db234072e3c7aeb8064226ba21efbf34ceedcfc6?s=96&d=mm&r=g\",\"caption\":\"Rapha\u00ebl Gervais-Lavoie\"},\"url\":\"https:\/\/www.rqei.ca\/en\/author\/raphael\/\"}]}<\/script>\n<!-- \/ Yoast SEO plugin. -->","yoast_head_json":{"title":"The technical and economic potential of the development of the hydrogen sector in Qu\u00e9bec - RQEI","robots":{"index":"index","follow":"follow","max-snippet":"max-snippet:-1","max-image-preview":"max-image-preview:large","max-video-preview":"max-video-preview:-1"},"canonical":"https:\/\/www.rqei.ca\/en\/2020\/07\/17\/the-technical-and-economic-potential-of-the-development-of-the-hydrogen-sector-in-quebec\/","og_locale":"en_US","og_type":"article","og_title":"The technical and economic potential of the development of the hydrogen sector in Qu\u00e9bec - RQEI","og_description":"On July 14, 2020, the main results of a study on the technical and economic potential of the development of the hydrogen sector in Qu\u00e9bec were presented by Transition \u00e9nerg\u00e9tique Qu\u00e9bec and its partners. This study was conducted by TEQ and the Ministry of Energy and Natural Resources (MERN).","og_url":"https:\/\/www.rqei.ca\/en\/2020\/07\/17\/the-technical-and-economic-potential-of-the-development-of-the-hydrogen-sector-in-quebec\/","og_site_name":"RQEI","article_published_time":"2020-07-17T14:28:52+00:00","article_modified_time":"2025-11-10T20:06:47+00:00","author":"Rapha\u00ebl Gervais-Lavoie","twitter_card":"summary_large_image","twitter_misc":{"Written by":"Rapha\u00ebl Gervais-Lavoie","Est. reading time":"1 minute"},"schema":{"@context":"https:\/\/schema.org","@graph":[{"@type":"Article","@id":"https:\/\/www.rqei.ca\/en\/2020\/07\/17\/the-technical-and-economic-potential-of-the-development-of-the-hydrogen-sector-in-quebec\/#article","isPartOf":{"@id":"https:\/\/www.rqei.ca\/en\/2020\/07\/17\/the-technical-and-economic-potential-of-the-development-of-the-hydrogen-sector-in-quebec\/"},"author":{"name":"Rapha\u00ebl Gervais-Lavoie","@id":"https:\/\/www.rqei.ca\/en\/#\/schema\/person\/abfacdc1d980838058db3e3b790e32f9"},"headline":"The technical and economic potential of the development of the hydrogen sector in Qu\u00e9bec","datePublished":"2020-07-17T14:28:52+00:00","dateModified":"2025-11-10T20:06:47+00:00","mainEntityOfPage":{"@id":"https:\/\/www.rqei.ca\/en\/2020\/07\/17\/the-technical-and-economic-potential-of-the-development-of-the-hydrogen-sector-in-quebec\/"},"wordCount":125,"publisher":{"@id":"https:\/\/www.rqei.ca\/en\/#organization"},"articleSection":["Information"],"inLanguage":"en-US"},{"@type":"WebPage","@id":"https:\/\/www.rqei.ca\/en\/2020\/07\/17\/the-technical-and-economic-potential-of-the-development-of-the-hydrogen-sector-in-quebec\/","url":"https:\/\/www.rqei.ca\/en\/2020\/07\/17\/the-technical-and-economic-potential-of-the-development-of-the-hydrogen-sector-in-quebec\/","name":"The technical and economic potential of the development of the hydrogen sector in Qu\u00e9bec - RQEI","isPartOf":{"@id":"https:\/\/www.rqei.ca\/en\/#website"},"datePublished":"2020-07-17T14:28:52+00:00","dateModified":"2025-11-10T20:06:47+00:00","breadcrumb":{"@id":"https:\/\/www.rqei.ca\/en\/2020\/07\/17\/the-technical-and-economic-potential-of-the-development-of-the-hydrogen-sector-in-quebec\/#breadcrumb"},"inLanguage":"en-US","potentialAction":[{"@type":"ReadAction","target":["https:\/\/www.rqei.ca\/en\/2020\/07\/17\/the-technical-and-economic-potential-of-the-development-of-the-hydrogen-sector-in-quebec\/"]}]},{"@type":"BreadcrumbList","@id":"https:\/\/www.rqei.ca\/en\/2020\/07\/17\/the-technical-and-economic-potential-of-the-development-of-the-hydrogen-sector-in-quebec\/#breadcrumb","itemListElement":[{"@type":"ListItem","position":1,"name":"Accueil","item":"https:\/\/www.rqei.ca\/en\/"},{"@type":"ListItem","position":2,"name":"The technical and economic potential of the development of the hydrogen sector in Qu\u00e9bec"}]},{"@type":"WebSite","@id":"https:\/\/www.rqei.ca\/en\/#website","url":"https:\/\/www.rqei.ca\/en\/","name":"RQEI","description":"R\u00e9seau qu\u00e9b\u00e9cois sur l&#039;\u00e9nergie intelligente","publisher":{"@id":"https:\/\/www.rqei.ca\/en\/#organization"},"potentialAction":[{"@type":"SearchAction","target":{"@type":"EntryPoint","urlTemplate":"https:\/\/www.rqei.ca\/en\/?s={search_term_string}"},"query-input":{"@type":"PropertyValueSpecification","valueRequired":true,"valueName":"search_term_string"}}],"inLanguage":"en-US"},{"@type":"Organization","@id":"https:\/\/www.rqei.ca\/en\/#organization","name":"R\u00e9seau qu\u00e9b\u00e9cois sur l'\u00e9nergie intelligente","url":"https:\/\/www.rqei.ca\/en\/","logo":{"@type":"ImageObject","inLanguage":"en-US","@id":"https:\/\/www.rqei.ca\/en\/#\/schema\/logo\/image\/","url":"https:\/\/www.rqei.ca\/wp-content\/uploads\/2019\/03\/frqnt_logo2.png","contentUrl":"https:\/\/www.rqei.ca\/wp-content\/uploads\/2019\/03\/frqnt_logo2.png","width":958,"height":824,"caption":"R\u00e9seau qu\u00e9b\u00e9cois sur l'\u00e9nergie intelligente"},"image":{"@id":"https:\/\/www.rqei.ca\/en\/#\/schema\/logo\/image\/"}},{"@type":"Person","@id":"https:\/\/www.rqei.ca\/en\/#\/schema\/person\/abfacdc1d980838058db3e3b790e32f9","name":"Rapha\u00ebl Gervais-Lavoie","image":{"@type":"ImageObject","inLanguage":"en-US","@id":"https:\/\/www.rqei.ca\/en\/#\/schema\/person\/image\/","url":"https:\/\/secure.gravatar.com\/avatar\/5613016d20c2e667dd696711db234072e3c7aeb8064226ba21efbf34ceedcfc6?s=96&d=mm&r=g","contentUrl":"https:\/\/secure.gravatar.com\/avatar\/5613016d20c2e667dd696711db234072e3c7aeb8064226ba21efbf34ceedcfc6?s=96&d=mm&r=g","caption":"Rapha\u00ebl Gervais-Lavoie"},"url":"https:\/\/www.rqei.ca\/en\/author\/raphael\/"}]}},"_links":{"self":[{"href":"https:\/\/www.rqei.ca\/en\/wp-json\/wp\/v2\/posts\/9255","targetHints":{"allow":["GET"]}}],"collection":[{"href":"https:\/\/www.rqei.ca\/en\/wp-json\/wp\/v2\/posts"}],"about":[{"href":"https:\/\/www.rqei.ca\/en\/wp-json\/wp\/v2\/types\/post"}],"author":[{"embeddable":true,"href":"https:\/\/www.rqei.ca\/en\/wp-json\/wp\/v2\/users\/10"}],"replies":[{"embeddable":true,"href":"https:\/\/www.rqei.ca\/en\/wp-json\/wp\/v2\/comments?post=9255"}],"version-history":[{"count":0,"href":"https:\/\/www.rqei.ca\/en\/wp-json\/wp\/v2\/posts\/9255\/revisions"}],"wp:attachment":[{"href":"https:\/\/www.rqei.ca\/en\/wp-json\/wp\/v2\/media?parent=9255"}],"wp:term":[{"taxonomy":"category","embeddable":true,"href":"https:\/\/www.rqei.ca\/en\/wp-json\/wp\/v2\/categories?post=9255"},{"taxonomy":"post_tag","embeddable":true,"href":"https:\/\/www.rqei.ca\/en\/wp-json\/wp\/v2\/tags?post=9255"}],"curies":[{"name":"wp","href":"https:\/\/api.w.org\/{rel}","templated":true}]}}